{"id":1840,"date":"2018-07-28T14:48:57","date_gmt":"2018-07-28T12:48:57","guid":{"rendered":"http:\/\/seth-polarlichter.de\/?p=1840"},"modified":"2018-07-28T14:49:08","modified_gmt":"2018-07-28T12:49:08","slug":"27-juli-2018","status":"publish","type":"post","link":"http:\/\/seth-polarlichter.de\/?p=1840","title":{"rendered":"27.Juli 2018"},"content":{"rendered":"<h4>An diesem Abend konnte in Deutschland die l\u00e4ngste totale Mondfinsternis dieses Jahrhunderts beobachtet werden. Durch Reflexion des Sonnenlichts erschien der Mond R\u00f6tlich-Braun am Morgenhimmel. Au\u00dferdem war der Mars der Erde sehr nahe und konnte gut beobachtet werden<\/h4>\n<h4>Uhrzeit: zwischen 22.00 Uhr und 23.30 Uhr (MESZ)<br \/>\nStandort: Seth; Raak<\/h4>\n<div id='gallery-1' class='gallery galleryid-1840 gallery-columns-3 gallery-size-thumbnail'><figure class='gallery-item'>\n\t\t\t<div class='gallery-icon landscape'>\n\t\t\t\t<a href='http:\/\/seth-polarlichter.de\/?attachment_id=1855'><img loading=\"lazy\" decoding=\"async\" width=\"150\" height=\"100\" src=\"http:\/\/seth-polarlichter.de\/wp-content\/uploads\/2018\/07\/DSC_4072-150x100.jpg\" class=\"attachment-thumbnail size-thumbnail\" alt=\"\" srcset=\"http:\/\/seth-polarlichter.de\/wp-content\/uploads\/2018\/07\/DSC_4072-150x100.jpg 150w, http:\/\/seth-polarlichter.de\/wp-content\/uploads\/2018\/07\/DSC_4072-300x200.jpg 300w, http:\/\/seth-polarlichter.de\/wp-content\/uploads\/2018\/07\/DSC_4072-768x512.jpg 768w, http:\/\/seth-polarlichter.de\/wp-content\/uploads\/2018\/07\/DSC_4072-1024x683.jpg 1024w, http:\/\/seth-polarlichter.de\/wp-content\/uploads\/2018\/07\/DSC_4072-390x260.jpg 390w, http:\/\/seth-polarlichter.de\/wp-content\/uploads\/2018\/07\/DSC_4072-520x347.jpg 520w, http:\/\/seth-polarlichter.de\/wp-content\/uploads\/2018\/07\/DSC_4072-740x493.jpg 740w, http:\/\/seth-polarlichter.de\/wp-content\/uploads\/2018\/07\/DSC_4072.jpg 1026w\" sizes=\"(max-width: 150px) 100vw, 150px\" \/><\/a>\n\t\t\t<\/div><\/figure><figure class='gallery-item'>\n\t\t\t<div class='gallery-icon landscape'>\n\t\t\t\t<a href='http:\/\/seth-polarlichter.de\/?attachment_id=1856'><img loading=\"lazy\" decoding=\"async\" width=\"150\" height=\"100\" src=\"http:\/\/seth-polarlichter.de\/wp-content\/uploads\/2018\/07\/DSC_4075-150x100.jpg\" class=\"attachment-thumbnail size-thumbnail\" alt=\"\" srcset=\"http:\/\/seth-polarlichter.de\/wp-content\/uploads\/2018\/07\/DSC_4075-150x100.jpg 150w, http:\/\/seth-polarlichter.de\/wp-content\/uploads\/2018\/07\/DSC_4075-300x200.jpg 300w, http:\/\/seth-polarlichter.de\/wp-content\/uploads\/2018\/07\/DSC_4075-768x512.jpg 768w, http:\/\/seth-polarlichter.de\/wp-content\/uploads\/2018\/07\/DSC_4075-1024x683.jpg 1024w, http:\/\/seth-polarlichter.de\/wp-content\/uploads\/2018\/07\/DSC_4075-390x260.jpg 390w, http:\/\/seth-polarlichter.de\/wp-content\/uploads\/2018\/07\/DSC_4075-520x347.jpg 520w, http:\/\/seth-polarlichter.de\/wp-content\/uploads\/2018\/07\/DSC_4075-740x493.jpg 740w, http:\/\/seth-polarlichter.de\/wp-content\/uploads\/2018\/07\/DSC_4075.jpg 1026w\" sizes=\"(max-width: 150px) 100vw, 150px\" \/><\/a>\n\t\t\t<\/div><\/figure><figure class='gallery-item'>\n\t\t\t<div class='gallery-icon portrait'>\n\t\t\t\t<a href='http:\/\/seth-polarlichter.de\/?attachment_id=1857'><img loading=\"lazy\" decoding=\"async\" width=\"100\" height=\"150\" src=\"http:\/\/seth-polarlichter.de\/wp-content\/uploads\/2018\/07\/DSC_4083-100x150.jpg\" class=\"attachment-thumbnail size-thumbnail\" alt=\"\" srcset=\"http:\/\/seth-polarlichter.de\/wp-content\/uploads\/2018\/07\/DSC_4083-100x150.jpg 100w, http:\/\/seth-polarlichter.de\/wp-content\/uploads\/2018\/07\/DSC_4083-200x300.jpg 200w, http:\/\/seth-polarlichter.de\/wp-content\/uploads\/2018\/07\/DSC_4083.jpg 456w\" sizes=\"(max-width: 100px) 100vw, 100px\" \/><\/a>\n\t\t\t<\/div><\/figure><figure class='gallery-item'>\n\t\t\t<div class='gallery-icon portrait'>\n\t\t\t\t<a href='http:\/\/seth-polarlichter.de\/?attachment_id=1858'><img loading=\"lazy\" decoding=\"async\" width=\"100\" height=\"150\" src=\"http:\/\/seth-polarlichter.de\/wp-content\/uploads\/2018\/07\/DSC_4087-100x150.jpg\" class=\"attachment-thumbnail size-thumbnail\" alt=\"\" srcset=\"http:\/\/seth-polarlichter.de\/wp-content\/uploads\/2018\/07\/DSC_4087-100x150.jpg 100w, http:\/\/seth-polarlichter.de\/wp-content\/uploads\/2018\/07\/DSC_4087-200x300.jpg 200w, http:\/\/seth-polarlichter.de\/wp-content\/uploads\/2018\/07\/DSC_4087.jpg 456w\" sizes=\"(max-width: 100px) 100vw, 100px\" \/><\/a>\n\t\t\t<\/div><\/figure><figure class='gallery-item'>\n\t\t\t<div class='gallery-icon portrait'>\n\t\t\t\t<a href='http:\/\/seth-polarlichter.de\/?attachment_id=1859'><img loading=\"lazy\" decoding=\"async\" width=\"100\" height=\"150\" src=\"http:\/\/seth-polarlichter.de\/wp-content\/uploads\/2018\/07\/DSC_4093-100x150.jpg\" class=\"attachment-thumbnail size-thumbnail\" alt=\"\" srcset=\"http:\/\/seth-polarlichter.de\/wp-content\/uploads\/2018\/07\/DSC_4093-100x150.jpg 100w, http:\/\/seth-polarlichter.de\/wp-content\/uploads\/2018\/07\/DSC_4093-200x300.jpg 200w, http:\/\/seth-polarlichter.de\/wp-content\/uploads\/2018\/07\/DSC_4093.jpg 456w\" sizes=\"(max-width: 100px) 100vw, 100px\" \/><\/a>\n\t\t\t<\/div><\/figure><figure class='gallery-item'>\n\t\t\t<div class='gallery-icon landscape'>\n\t\t\t\t<a href='http:\/\/seth-polarlichter.de\/?attachment_id=1860'><img loading=\"lazy\" decoding=\"async\" width=\"150\" height=\"84\" src=\"http:\/\/seth-polarlichter.de\/wp-content\/uploads\/2018\/07\/DSC_4150-150x84.jpg\" class=\"attachment-thumbnail size-thumbnail\" alt=\"\" srcset=\"http:\/\/seth-polarlichter.de\/wp-content\/uploads\/2018\/07\/DSC_4150-150x84.jpg 150w, http:\/\/seth-polarlichter.de\/wp-content\/uploads\/2018\/07\/DSC_4150-300x169.jpg 300w, http:\/\/seth-polarlichter.de\/wp-content\/uploads\/2018\/07\/DSC_4150-768x431.jpg 768w, http:\/\/seth-polarlichter.de\/wp-content\/uploads\/2018\/07\/DSC_4150-1024x575.jpg 1024w, http:\/\/seth-polarlichter.de\/wp-content\/uploads\/2018\/07\/DSC_4150-520x292.jpg 520w, http:\/\/seth-polarlichter.de\/wp-content\/uploads\/2018\/07\/DSC_4150-740x416.jpg 740w, http:\/\/seth-polarlichter.de\/wp-content\/uploads\/2018\/07\/DSC_4150.jpg 1029w\" sizes=\"(max-width: 150px) 100vw, 150px\" \/><\/a>\n\t\t\t<\/div><\/figure><figure class='gallery-item'>\n\t\t\t<div class='gallery-icon landscape'>\n\t\t\t\t<a href='http:\/\/seth-polarlichter.de\/?attachment_id=1854'><img loading=\"lazy\" decoding=\"async\" width=\"150\" height=\"100\" src=\"http:\/\/seth-polarlichter.de\/wp-content\/uploads\/2018\/07\/DSC_4070-150x100.jpg\" class=\"attachment-thumbnail size-thumbnail\" alt=\"\" srcset=\"http:\/\/seth-polarlichter.de\/wp-content\/uploads\/2018\/07\/DSC_4070-150x100.jpg 150w, http:\/\/seth-polarlichter.de\/wp-content\/uploads\/2018\/07\/DSC_4070-300x200.jpg 300w, http:\/\/seth-polarlichter.de\/wp-content\/uploads\/2018\/07\/DSC_4070-768x512.jpg 768w, http:\/\/seth-polarlichter.de\/wp-content\/uploads\/2018\/07\/DSC_4070-1024x683.jpg 1024w, http:\/\/seth-polarlichter.de\/wp-content\/uploads\/2018\/07\/DSC_4070-390x260.jpg 390w, http:\/\/seth-polarlichter.de\/wp-content\/uploads\/2018\/07\/DSC_4070-520x347.jpg 520w, http:\/\/seth-polarlichter.de\/wp-content\/uploads\/2018\/07\/DSC_4070-740x493.jpg 740w, http:\/\/seth-polarlichter.de\/wp-content\/uploads\/2018\/07\/DSC_4070.jpg 1026w\" sizes=\"(max-width: 150px) 100vw, 150px\" \/><\/a>\n\t\t\t<\/div><\/figure><figure class='gallery-item'>\n\t\t\t<div class='gallery-icon landscape'>\n\t\t\t\t<a href='http:\/\/seth-polarlichter.de\/?attachment_id=1861'><img loading=\"lazy\" decoding=\"async\" width=\"150\" height=\"100\" src=\"http:\/\/seth-polarlichter.de\/wp-content\/uploads\/2018\/07\/DSC_4154-150x100.jpg\" class=\"attachment-thumbnail size-thumbnail\" alt=\"\" srcset=\"http:\/\/seth-polarlichter.de\/wp-content\/uploads\/2018\/07\/DSC_4154-150x100.jpg 150w, http:\/\/seth-polarlichter.de\/wp-content\/uploads\/2018\/07\/DSC_4154-300x200.jpg 300w, http:\/\/seth-polarlichter.de\/wp-content\/uploads\/2018\/07\/DSC_4154-768x512.jpg 768w, http:\/\/seth-polarlichter.de\/wp-content\/uploads\/2018\/07\/DSC_4154-1024x683.jpg 1024w, http:\/\/seth-polarlichter.de\/wp-content\/uploads\/2018\/07\/DSC_4154-390x260.jpg 390w, http:\/\/seth-polarlichter.de\/wp-content\/uploads\/2018\/07\/DSC_4154-520x347.jpg 520w, http:\/\/seth-polarlichter.de\/wp-content\/uploads\/2018\/07\/DSC_4154-740x493.jpg 740w, http:\/\/seth-polarlichter.de\/wp-content\/uploads\/2018\/07\/DSC_4154.jpg 1026w\" sizes=\"(max-width: 150px) 100vw, 150px\" \/><\/a>\n\t\t\t<\/div><\/figure>\n\t\t<\/div>\n\n","protected":false},"excerpt":{"rendered":"<p>An diesem Abend konnte in Deutschland die l\u00e4ngste totale Mondfinsternis dieses Jahrhunderts beobachtet werden. Durch Reflexion des Sonnenlichts erschien der Mond R\u00f6tlich-Braun am Morgenhimmel. Au\u00dferdem war der Mars der Erde sehr nahe und konnte gut<a class=\"read-more\" href=\"http:\/\/seth-polarlichter.de\/?p=1840\">Continue reading<\/a><\/p>\n","protected":false},"author":1,"featured_media":1859,"comment_status":"closed","ping_status":"closed","sticky":false,"template":"","format":"standard","meta":{"footnotes":""},"categories":[71,55,53,6],"tags":[70,59,38,57,56,39,37],"jetpack_featured_media_url":"http:\/\/seth-polarlichter.de\/wp-content\/uploads\/2018\/07\/DSC_4093.jpg","_links":{"self":[{"href":"http:\/\/seth-polarlichter.de\/index.php?rest_route=\/wp\/v2\/posts\/1840"}],"collection":[{"href":"http:\/\/seth-polarlichter.de\/index.php?rest_route=\/wp\/v2\/posts"}],"about":[{"href":"http:\/\/seth-polarlichter.de\/index.php?rest_route=\/wp\/v2\/types\/post"}],"author":[{"embeddable":true,"href":"http:\/\/seth-polarlichter.de\/index.php?rest_route=\/wp\/v2\/users\/1"}],"replies":[{"embeddable":true,"href":"http:\/\/seth-polarlichter.de\/index.php?rest_route=%2Fwp%2Fv2%2Fcomments&post=1840"}],"version-history":[{"count":2,"href":"http:\/\/seth-polarlichter.de\/index.php?rest_route=\/wp\/v2\/posts\/1840\/revisions"}],"predecessor-version":[{"id":1862,"href":"http:\/\/seth-polarlichter.de\/index.php?rest_route=\/wp\/v2\/posts\/1840\/revisions\/1862"}],"wp:featuredmedia":[{"embeddable":true,"href":"http:\/\/seth-polarlichter.de\/index.php?rest_route=\/wp\/v2\/media\/1859"}],"wp:attachment":[{"href":"http:\/\/seth-polarlichter.de\/index.php?rest_route=%2Fwp%2Fv2%2Fmedia&parent=1840"}],"wp:term":[{"taxonomy":"category","embeddable":true,"href":"http:\/\/seth-polarlichter.de\/index.php?rest_route=%2Fwp%2Fv2%2Fcategories&post=1840"},{"taxonomy":"post_tag","embeddable":true,"href":"http:\/\/seth-polarlichter.de\/index.php?rest_route=%2Fwp%2Fv2%2Ftags&post=1840"}],"curies":[{"name":"wp","href":"https:\/\/api.w.org\/{rel}","templated":true}]}}